{"id":118,"name":"eleonore","url":"","description":"Voileuse depuis plus de vingt ans, ayant navigu\u00e9 sur Oc\u00e9anis 38, Hobie Cat 16, J80, Fillao, Dart 16, Laser, Firefly, j'en oublie certainement... Aux Sables d'Olonne, \u00e0 l'\u00cele de R\u00e9, sur la c\u00f4te occidentale de Corse, sur la c\u00f4te Sud de l'Irlande, sur la Costa Brava, dans le Golfe du Morbihan... Parisienne, je trouve toujours un week-end ou une semaine pour m'\u00e9vader et aller naviguer, mais je n'ai jamais \u00e9t\u00e9 en mer plus de deux jours sans dormir \u00e0 terre ! Je pr\u00e9f\u00e8re la r\u00e9gate \u00e0 la croisi\u00e8re, car j'adore l'action, mais une belle destination avec baignades \u00e0 la clef pourrait peut-\u00eatre un jour me faire changer d'avis...","link":"https:\/\/vcl.fr\/index.php\/author\/eleonore\/","slug":"eleonore","avatar_urls":{"24":"https:\/\/vcl.fr\/wp-content\/uploads\/2025\/03\/eleonore_avatar_3-24x24.jpg","48":"https:\/\/vcl.fr\/wp-content\/uploads\/2025\/03\/eleonore_avatar_3-48x48.jpg","96":"https:\/\/vcl.fr\/wp-content\/uploads\/2025\/03\/eleonore_avatar_3-96x96.jpg"},"meta":{"_bbp_topic_count":0,"_bbp_reply_count":0,"_bbp_last_posted":0},"_links":{"self":[{"href":"https:\/\/vcl.fr\/index.php\/wp-json\/wp\/v2\/users\/118","targetHints":{"allow":["GET"]}}],"collection":[{"href":"https:\/\/vcl.fr\/index.php\/wp-json\/wp\/v2\/users"}]}}