{"id":80,"name":"Chris","url":"","description":"Je pratique la voile depuis 1993 avec tout d'abord les vacances en flottille autour des \u00eeles ioniennes en Gr\u00e8ce et puis en location ind\u00e9pendante apr\u00e8s avoir r\u00e9ussi mon permit  c\u00f4tier RYA en Angleterre.  J'ai achet\u00e9 un Fisher 25 bas\u00e9 sur le Port de Fleetwood au nord ouest de l'Angleterre pr\u00e8s de l'endroit o\u00f9 j'habitais \u00e0 l'\u00e9poque pour les sorties en week-end et les vacances en mer. En d\u00e9m\u00e9nagement en France en 2004 j'ai vendu mon voilier et j'ai rejoint cette association pendant 2 ans. Entre le temps je n'avais pas eu l'occasion de naviguer et donc j\u2019\u00e9tais tr\u00e8s heureux de  renouveler mon adh\u00e9sion de l'association \"Voile et Croisi\u00e8re en Libert\u00e9\" en 2024. Je suis r\u00e9sident permanent en France avec la  nationalit\u00e9 fran\u00e7aise depuis 2016.  J'ai toujours maintenu un  Certificat International. J\u2019avais le grand plaisir de skipper un bateau en 2025 et j\u2019esp\u00e8re continuer cet aventure  en plus d\u2019\u00eatre membre de l\u2019\u00e9quipage au sein de VCL avec son ambience toujours tr\u00e8s bon enfant!","link":"https:\/\/vcl.fr\/index.php\/author\/chris\/","slug":"chris","avatar_urls":{"24":"https:\/\/vcl.fr\/wp-content\/uploads\/2024\/05\/chris_avatar-24x24.jpg","48":"https:\/\/vcl.fr\/wp-content\/uploads\/2024\/05\/chris_avatar-48x48.jpg","96":"https:\/\/vcl.fr\/wp-content\/uploads\/2024\/05\/chris_avatar-96x96.jpg"},"meta":{"_bbp_topic_count":0,"_bbp_reply_count":0,"_bbp_last_posted":0},"_links":{"self":[{"href":"https:\/\/vcl.fr\/index.php\/wp-json\/wp\/v2\/users\/80","targetHints":{"allow":["GET"]}}],"collection":[{"href":"https:\/\/vcl.fr\/index.php\/wp-json\/wp\/v2\/users"}]}}